{"id":53,"date":"2014-12-18T03:01:57","date_gmt":"2014-12-18T03:01:57","guid":{"rendered":"https:\/\/demo.ovatheme.com\/egovt\/?p=53"},"modified":"2025-03-14T20:37:09","modified_gmt":"2025-03-14T20:37:09","slug":"mohamed-bastaoui-un-grand-acteur-autodidacte-nest-plus","status":"publish","type":"post","link":"https:\/\/cmpf.ma\/es\/mohamed-bastaoui-un-grand-acteur-autodidacte-nest-plus\/","title":{"rendered":"Mohamed Bastaoui, un gran actor, un autodidacta, ya no es m\u00e1s"},"content":{"rendered":"<div data-elementor-type=\"wp-post\" data-elementor-id=\"53\" class=\"elementor elementor-53\" data-elementor-settings=\"{&quot;ha_cmc_init_switcher&quot;:&quot;no&quot;}\">\n\t\t\t\t<div class=\"elementor-element elementor-element-a89db16 e-flex e-con-boxed e-con e-parent\" data-id=\"a89db16\" data-element_type=\"container\" data-settings=\"{&quot;_ha_eqh_enable&quot;:false}\">\n\t\t\t\t\t<div class=\"e-con-inner\">\n\t\t\t\t<div class=\"elementor-element elementor-element-5ea1f0e elementor-widget elementor-widget-text-editor\" data-id=\"5ea1f0e\" data-element_type=\"widget\" data-widget_type=\"text-editor.default\">\n\t\t\t\t<div class=\"elementor-widget-container\">\n\t\t\t\t\t\t\t\t\t<p>El actor Marroqu\u00ed, Mohamed Bastaoui, muri\u00f3 hoy en Rabat, como resultado de la enfermedad, han anunciado a sus seres queridos.<\/p><p>Muri\u00f3 en el hospital militar de Rabat, donde fue admitido en el hospital, antes de que su estado de salud no se deteriora, dijo el actor y amigo del fallecido, Mohamed Khouyi.<\/p><p>Bastaoui se destac\u00f3 por su actuaci\u00f3n en el escenario, aunque, como \u00e9l se distingue en el cine y en la televisi\u00f3n. Tiene, por d\u00e9cadas, juega con talento para las funciones que le han ganado el amor del p\u00fablico y el aprecio de los cr\u00edticos.<\/p><p>Fuego Bastaoui ha recibido innumerables homenajes y honores a lo largo de su carrera, incluyendo durante la 11\u00aa edici\u00f3n del festival internacional de cine de Marrakech.<\/p><p>La muerte de Mohamed Bastaoui no es s\u00f3lo una p\u00e9rdida para su familia, sino tambi\u00e9n para toda la familia art\u00edstico nacional pierde otro artista fuera de la pareja.<br \/>A Dios pertenecemos y a \u00e9l hemos de volver&#034;.<\/p>\t\t\t\t\t\t\t\t<\/div>\n\t\t\t\t<\/div>\n\t\t\t\t\t<\/div>\n\t\t\t\t<\/div>\n\t\t\t\t<\/div>","protected":false},"excerpt":{"rendered":"<p>El actor Marroqu\u00ed, Mohamed Bastaoui, muri\u00f3 hoy en Rabat, como resultado de la enfermedad, han anunciado a sus seres queridos.<\/p>","protected":false},"author":1,"featured_media":6762,"comment_status":"closed","ping_status":"closed","sticky":false,"template":"","format":"standard","meta":{"footnotes":""},"categories":[1],"tags":[],"class_list":["post-53","post","type-post","status-publish","format-standard","has-post-thumbnail","hentry","category-uncategorized"],"_links":{"self":[{"href":"https:\/\/cmpf.ma\/es\/wp-json\/wp\/v2\/posts\/53","targetHints":{"allow":["GET"]}}],"collection":[{"href":"https:\/\/cmpf.ma\/es\/wp-json\/wp\/v2\/posts"}],"about":[{"href":"https:\/\/cmpf.ma\/es\/wp-json\/wp\/v2\/types\/post"}],"author":[{"embeddable":true,"href":"https:\/\/cmpf.ma\/es\/wp-json\/wp\/v2\/users\/1"}],"replies":[{"embeddable":true,"href":"https:\/\/cmpf.ma\/es\/wp-json\/wp\/v2\/comments?post=53"}],"version-history":[{"count":8,"href":"https:\/\/cmpf.ma\/es\/wp-json\/wp\/v2\/posts\/53\/revisions"}],"predecessor-version":[{"id":6788,"href":"https:\/\/cmpf.ma\/es\/wp-json\/wp\/v2\/posts\/53\/revisions\/6788"}],"wp:featuredmedia":[{"embeddable":true,"href":"https:\/\/cmpf.ma\/es\/wp-json\/wp\/v2\/media\/6762"}],"wp:attachment":[{"href":"https:\/\/cmpf.ma\/es\/wp-json\/wp\/v2\/media?parent=53"}],"wp:term":[{"taxonomy":"category","embeddable":true,"href":"https:\/\/cmpf.ma\/es\/wp-json\/wp\/v2\/categories?post=53"},{"taxonomy":"post_tag","embeddable":true,"href":"https:\/\/cmpf.ma\/es\/wp-json\/wp\/v2\/tags?post=53"}],"curies":[{"name":"wp","href":"https:\/\/api.w.org\/{rel}","templated":true}]}}